{"id":1617,"date":"2025-07-01T09:00:00","date_gmt":"2025-07-01T07:00:00","guid":{"rendered":"https:\/\/wodkanswiatki.pl\/?p=1617"},"modified":"2025-07-01T13:39:32","modified_gmt":"2025-07-01T11:39:32","slug":"uwaga-5","status":"publish","type":"post","link":"https:\/\/wodkanswiatki.pl\/?p=1617","title":{"rendered":"UWAGA!"},"content":{"rendered":"\n<p>Przedsi\u0119biorstwo Us\u0142ug Komunalnych WODKAN \u015awi\u0105tki informuje, \u017ce w zwi\u0105zku z pracami konserwacyjno-naprawczymi w SUW \u0141umpia<br>od dnia 8-07-2025 do odwo\u0142ania wstrzymuje dostaw\u0119 wody do wszystkich mieszka\u0144c\u00f3w miejscowo\u015bci \u0141umpia gmina \u015awi\u0105tki.<br>W tym okresie zostanie podstawiony beczkow\u00f3z z wod\u0105.<br>Za utrudnienia przepraszamy.<\/p>\n","protected":false},"excerpt":{"rendered":"<p>Przedsi\u0119biorstwo Us\u0142ug Komunalnych WODKAN \u015awi\u0105tki informuje, \u017ce w zwi\u0105zku z pracami konserwacyjno-naprawczymi w SUW \u0141umpiaod dnia 8-07-2025 do odwo\u0142ania wstrzymuje dostaw\u0119 wody do wszystkich mieszka\u0144c\u00f3w miejscowo\u015bci \u0141umpia gmina \u015awi\u0105tki.W tym okresie zostanie podstawiony beczkow\u00f3z z wod\u0105.Za utrudnienia przepraszamy.<\/p>\n","protected":false},"author":1,"featured_media":1621,"comment_status":"open","ping_status":"open","sticky":false,"template":"","format":"standard","meta":{"footnotes":""},"categories":[1],"tags":[],"class_list":["post-1617","post","type-post","status-publish","format-standard","has-post-thumbnail","hentry","category-aktualnosci"],"_links":{"self":[{"href":"https:\/\/wodkanswiatki.pl\/index.php?rest_route=\/wp\/v2\/posts\/1617","targetHints":{"allow":["GET"]}}],"collection":[{"href":"https:\/\/wodkanswiatki.pl\/index.php?rest_route=\/wp\/v2\/posts"}],"about":[{"href":"https:\/\/wodkanswiatki.pl\/index.php?rest_route=\/wp\/v2\/types\/post"}],"author":[{"embeddable":true,"href":"https:\/\/wodkanswiatki.pl\/index.php?rest_route=\/wp\/v2\/users\/1"}],"replies":[{"embeddable":true,"href":"https:\/\/wodkanswiatki.pl\/index.php?rest_route=%2Fwp%2Fv2%2Fcomments&post=1617"}],"version-history":[{"count":2,"href":"https:\/\/wodkanswiatki.pl\/index.php?rest_route=\/wp\/v2\/posts\/1617\/revisions"}],"predecessor-version":[{"id":1622,"href":"https:\/\/wodkanswiatki.pl\/index.php?rest_route=\/wp\/v2\/posts\/1617\/revisions\/1622"}],"wp:featuredmedia":[{"embeddable":true,"href":"https:\/\/wodkanswiatki.pl\/index.php?rest_route=\/wp\/v2\/media\/1621"}],"wp:attachment":[{"href":"https:\/\/wodkanswiatki.pl\/index.php?rest_route=%2Fwp%2Fv2%2Fmedia&parent=1617"}],"wp:term":[{"taxonomy":"category","embeddable":true,"href":"https:\/\/wodkanswiatki.pl\/index.php?rest_route=%2Fwp%2Fv2%2Fcategories&post=1617"},{"taxonomy":"post_tag","embeddable":true,"href":"https:\/\/wodkanswiatki.pl\/index.php?rest_route=%2Fwp%2Fv2%2Ftags&post=1617"}],"curies":[{"name":"wp","href":"https:\/\/api.w.org\/{rel}","templated":true}]}}